{"id":6556,"date":"2024-01-30T17:32:23","date_gmt":"2024-01-30T20:32:23","guid":{"rendered":"https:\/\/eventos.lacigf.org\/?p=6556"},"modified":"2024-01-30T17:33:32","modified_gmt":"2024-01-30T20:33:32","slug":"o-lacigf-agradece-a-todas-as-pessoas-que-participaram-ativamente-da-16a-edicao-2023","status":"publish","type":"post","link":"https:\/\/eventos.lacigf.org\/pt-br\/o-lacigf-agradece-a-todas-as-pessoas-que-participaram-ativamente-da-16a-edicao-2023\/","title":{"rendered":"O LACIGF agradece a todas as pessoas que participaram ativamente da 16\u00aa edi\u00e7\u00e3o &#8211; 2023"},"content":{"rendered":"\t\t<div data-elementor-type=\"wp-post\" data-elementor-id=\"6556\" class=\"elementor elementor-6556\">\n\t\t\t\t\t\t\t\t\t<section class=\"elementor-section elementor-top-section elementor-element elementor-element-139bfba elementor-section-boxed elementor-section-height-default elementor-section-height-default\" data-id=\"139bfba\" data-element_type=\"section\">\n\t\t\t\t\t\t<div class=\"elementor-container elementor-column-gap-default\">\n\t\t\t\t\t<div class=\"elementor-column elementor-col-100 elementor-top-column elementor-element elementor-element-d4071c0\" data-id=\"d4071c0\" data-element_type=\"column\">\n\t\t\t<div class=\"elementor-widget-wrap elementor-element-populated\">\n\t\t\t\t\t\t\t\t<div class=\"elementor-element elementor-element-a4bd5d6 elementor-widget elementor-widget-image\" data-id=\"a4bd5d6\" data-element_type=\"widget\" data-widget_type=\"image.default\">\n\t\t\t\t<div class=\"elementor-widget-container\">\n\t\t\t<style>\/*! elementor - v3.16.0 - 09-10-2023 *\/\n.elementor-widget-image{text-align:center}.elementor-widget-image a{display:inline-block}.elementor-widget-image a img[src$=\".svg\"]{width:48px}.elementor-widget-image img{vertical-align:middle;display:inline-block}<\/style>\t\t\t\t\t\t\t\t\t\t\t\t<img decoding=\"async\" loading=\"lazy\" width=\"1024\" height=\"525\" src=\"https:\/\/eventos.lacigf.org\/wp-content\/uploads\/2023\/12\/LACIGF-Bogota-Colombia-3-1024x525.png\" class=\"attachment-large size-large wp-image-6241\" alt=\"\" srcset=\"https:\/\/eventos.lacigf.org\/wp-content\/uploads\/2023\/12\/LACIGF-Bogota-Colombia-3-1024x525.png 1024w, https:\/\/eventos.lacigf.org\/wp-content\/uploads\/2023\/12\/LACIGF-Bogota-Colombia-3-300x154.png 300w, https:\/\/eventos.lacigf.org\/wp-content\/uploads\/2023\/12\/LACIGF-Bogota-Colombia-3-768x394.png 768w, https:\/\/eventos.lacigf.org\/wp-content\/uploads\/2023\/12\/LACIGF-Bogota-Colombia-3.png 1170w\" sizes=\"(max-width: 1024px) 100vw, 1024px\" \/>\t\t\t\t\t\t\t\t\t\t\t\t\t\t\t<\/div>\n\t\t\t\t<\/div>\n\t\t\t\t\t<\/div>\n\t\t<\/div>\n\t\t\t\t\t\t\t<\/div>\n\t\t<\/section>\n\t\t\t\t<section class=\"elementor-section elementor-top-section elementor-element elementor-element-5713d94 elementor-section-boxed elementor-section-height-default elementor-section-height-default\" data-id=\"5713d94\" data-element_type=\"section\">\n\t\t\t\t\t\t<div class=\"elementor-container elementor-column-gap-default\">\n\t\t\t\t\t<div class=\"elementor-column elementor-col-100 elementor-top-column elementor-element elementor-element-dca171e\" data-id=\"dca171e\" data-element_type=\"column\">\n\t\t\t<div class=\"elementor-widget-wrap elementor-element-populated\">\n\t\t\t\t\t\t\t\t<div class=\"elementor-element elementor-element-d66b333 elementor-widget elementor-widget-text-editor\" data-id=\"d66b333\" data-element_type=\"widget\" data-widget_type=\"text-editor.default\">\n\t\t\t\t<div class=\"elementor-widget-container\">\n\t\t\t<style>\/*! elementor - v3.16.0 - 09-10-2023 *\/\n.elementor-widget-text-editor.elementor-drop-cap-view-stacked .elementor-drop-cap{background-color:#69727d;color:#fff}.elementor-widget-text-editor.elementor-drop-cap-view-framed .elementor-drop-cap{color:#69727d;border:3px solid;background-color:transparent}.elementor-widget-text-editor:not(.elementor-drop-cap-view-default) .elementor-drop-cap{margin-top:8px}.elementor-widget-text-editor:not(.elementor-drop-cap-view-default) .elementor-drop-cap-letter{width:1em;height:1em}.elementor-widget-text-editor .elementor-drop-cap{float:left;text-align:center;line-height:1;font-size:50px}.elementor-widget-text-editor .elementor-drop-cap-letter{display:inline-block}<\/style>\t\t\t\t<p>Depois de tr\u00eas anos, voltamos a nos reunir pessoalmente, cumprindo nossa miss\u00e3o de oferecer um espa\u00e7o para o di\u00e1logo pol\u00edtico aberto sobre quest\u00f5es de governan\u00e7a da Internet, onde diferentes atores locais da regi\u00e3o participaram, fizeram contribui\u00e7\u00f5es valiosas e promoveram quest\u00f5es relevantes para o desenvolvimento e a governan\u00e7a da Internet na Am\u00e9rica Latina e no Caribe.<br><br>Agradecemos a todas as pessoas que tornaram poss\u00edvel essa nova reuni\u00e3o, representantes da academia, do setor privado, da sociedade civil, da comunidade t\u00e9cnica, do governo e de todas as partes interessadas, sua participa\u00e7\u00e3o ativa fortalece o mundo da Internet e impacta positivamente a governan\u00e7a digital.<br><br>Por meio das sess\u00f5es realizadas no LACIGF 16, aprendemos sobre modelos e experi\u00eancias que alcan\u00e7am mudan\u00e7as significativas no ecossistema digital e, portanto, nosso apelo \u00e9 continuar a promover a participa\u00e7\u00e3o ativa de todos os setores para ter um mundo digital global inclusivo e equitativo.<br><br>No primeiro dia, a governan\u00e7a de dados foi discutida, destacando que o poder deve ser devolvido ao indiv\u00edduo para questionar o que, por que e para que finalidade determinadas informa\u00e7\u00f5es s\u00e3o solicitadas. O painel sobre pol\u00edticas para acesso universal discutiu fatores que influenciam a lacuna, como geografia, falta de dispositivos e alfabetiza\u00e7\u00e3o digital, bem como a import\u00e2ncia de criar conte\u00fado local. Ao falar sobre IA e tecnologias emergentes, foi destacada a import\u00e2ncia de desenvolver tecnologias da Am\u00e9rica Latina vinculadas a princ\u00edpios \u00e9ticos e com colabora\u00e7\u00e3o p\u00fablico-privada. Tamb\u00e9m foi discutido o futuro do LACIGF e a implementa\u00e7\u00e3o dos novos estatutos para alcan\u00e7ar um processo mais din\u00e2mico e participativo. <br><br>O segundo dia come\u00e7ou com a participa\u00e7\u00e3o de Carol Roach, presidente do Grupo Consultivo Multissetorial do F\u00f3rum de Governan\u00e7a da Internet das Na\u00e7\u00f5es Unidas, MAG, que convidou os diferentes atores a participar da discuss\u00e3o e criar mais capacidades digitais. No painel sobre seguran\u00e7a cibern\u00e9tica, foi destacada a import\u00e2ncia da colabora\u00e7\u00e3o entre os setores estatal, p\u00fablico e privado. Em termos de governan\u00e7a digital, foi discutida a import\u00e2ncia de inovar em mecanismos de governan\u00e7a e participa\u00e7\u00e3o mais orientados para o processo. As iniciativas regionais e nacionais de governan\u00e7a da Internet do NRI tamb\u00e9m tiveram um espa\u00e7o para discutir as li\u00e7\u00f5es aprendidas e os desafios. Por fim, a discuss\u00e3o sobre bloqueios concentrou-se nos diferentes tipos de bloqueios, seu impacto e a relev\u00e2ncia da participa\u00e7\u00e3o de v\u00e1rias partes interessadas para entender melhor a tecnologia e legislar de forma eficaz e justa.<br><br>Durante a reuni\u00e3o, foi destacada a import\u00e2ncia do di\u00e1logo multissetorial para abordar as diferentes quest\u00f5es de governan\u00e7a da Internet. <br><br>Agradecemos \u00e0s 170 pessoas que participaram presencialmente na cidade de Bogot\u00e1, Col\u00f4mbia; \u00e0s pessoas que se conectaram e participaram pelo Youtube, alcan\u00e7ando mais de 900 visualiza\u00e7\u00f5es; e a todas as pessoas que interagiram em nossas redes sociais.<br><br>Tamb\u00e9m estendemos nossos agradecimentos aos mais de 50 painelistas e moderadores de diferentes setores, que se dispuseram a ouvir e compartilhar sua vis\u00e3o sobre cada um dos t\u00f3picos, enriquecendo a discuss\u00e3o e gerando espa\u00e7os de di\u00e1logo e reflex\u00e3o.<br><br>Finalmente, gostar\u00edamos de agradecer \u00e0 Universidad Externado que nos recebeu em seu espa\u00e7o e nos forneceu todas as facilidades para as discuss\u00f5es. <br><br>Por fim, a secretaria do LACIGF convida a comunidade a continuar participando das discuss\u00f5es sobre Governan\u00e7a da Internet e a se envolver nos comit\u00eas intersetoriais e no comit\u00ea de sele\u00e7\u00e3o de workshops em 2024.<br><br><\/p>\t\t\t\t\t\t<\/div>\n\t\t\t\t<\/div>\n\t\t\t\t\t<\/div>\n\t\t<\/div>\n\t\t\t\t\t\t\t<\/div>\n\t\t<\/section>\n\t\t\t\t\t\t\t<\/div>\n\t\t","protected":false},"excerpt":{"rendered":"<p>Depois de tr\u00eas anos, voltamos a nos reunir pessoalmente, cumprindo nossa miss\u00e3o de oferecer um espa\u00e7o para o di\u00e1logo pol\u00edtico aberto sobre quest\u00f5es de governan\u00e7a da Internet, onde diferentes atores locais da regi\u00e3o participaram, fizeram contribui\u00e7\u00f5es valiosas e promoveram quest\u00f5es relevantes para o desenvolvimento e a governan\u00e7a da Internet na Am\u00e9rica Latina e no Caribe. [&hellip;]<\/p>\n","protected":false},"author":3,"featured_media":6243,"comment_status":"open","ping_status":"open","sticky":false,"template":"","format":"standard","meta":{"footnotes":""},"categories":[3],"tags":[],"_links":{"self":[{"href":"https:\/\/eventos.lacigf.org\/pt-br\/wp-json\/wp\/v2\/posts\/6556"}],"collection":[{"href":"https:\/\/eventos.lacigf.org\/pt-br\/wp-json\/wp\/v2\/posts"}],"about":[{"href":"https:\/\/eventos.lacigf.org\/pt-br\/wp-json\/wp\/v2\/types\/post"}],"author":[{"embeddable":true,"href":"https:\/\/eventos.lacigf.org\/pt-br\/wp-json\/wp\/v2\/users\/3"}],"replies":[{"embeddable":true,"href":"https:\/\/eventos.lacigf.org\/pt-br\/wp-json\/wp\/v2\/comments?post=6556"}],"version-history":[{"count":4,"href":"https:\/\/eventos.lacigf.org\/pt-br\/wp-json\/wp\/v2\/posts\/6556\/revisions"}],"predecessor-version":[{"id":6561,"href":"https:\/\/eventos.lacigf.org\/pt-br\/wp-json\/wp\/v2\/posts\/6556\/revisions\/6561"}],"wp:featuredmedia":[{"embeddable":true,"href":"https:\/\/eventos.lacigf.org\/pt-br\/wp-json\/wp\/v2\/media\/6243"}],"wp:attachment":[{"href":"https:\/\/eventos.lacigf.org\/pt-br\/wp-json\/wp\/v2\/media?parent=6556"}],"wp:term":[{"taxonomy":"category","embeddable":true,"href":"https:\/\/eventos.lacigf.org\/pt-br\/wp-json\/wp\/v2\/categories?post=6556"},{"taxonomy":"post_tag","embeddable":true,"href":"https:\/\/eventos.lacigf.org\/pt-br\/wp-json\/wp\/v2\/tags?post=6556"}],"curies":[{"name":"wp","href":"https:\/\/api.w.org\/{rel}","templated":true}]}}